{"id":333,"date":"2022-09-20T11:40:17","date_gmt":"2022-09-20T14:40:17","guid":{"rendered":"https:\/\/brasilsemalergia.com.br\/apoio_farmacia_popular\/?p=333"},"modified":"2022-09-20T11:40:17","modified_gmt":"2022-09-20T14:40:17","slug":"inverno-no-rio-de-janeiro-registra-dias-de-altas-temperaturas-e-baixa-umidade-do-ar-veja-os-cuidados-com-a-saude","status":"publish","type":"post","link":"https:\/\/brasilsemalergia.com.br\/loja_abbaa\/blog\/geral\/inverno-no-rio-de-janeiro-registra-dias-de-altas-temperaturas-e-baixa-umidade-do-ar-veja-os-cuidados-com-a-saude\/","title":{"rendered":"Inverno no Rio de Janeiro registra dias de altas temperaturas e baixa umidade do ar;  veja os cuidados com a sa\u00fade"},"content":{"rendered":"<p>O inverno 2022 est\u00e1 com ares de ver\u00e3o. Temperaturas sobem ao longo do dia, com m\u00e1xima sempre pr\u00f3xima aos 30 graus, c\u00e9u claro e sol. O veranico se estende at\u00e9, pelo menos, quarta-feira da pr\u00f3xima semana. O fim de semana ser\u00e1 de temperaturas altas e sem chance de chuva. Mas esses dias requerem uma aten\u00e7\u00e3o redobrada dada a baixa umidade, que tamb\u00e9m deve se prolongar. O tempo seco, efeito de \u00e1reas de alta press\u00e3o atmosf\u00e9rica, pode ser prejudicial \u00e0 sa\u00fade e exige cuidados.<\/p>\n<p>Segundo a Organiza\u00e7\u00e3o Mundial de Sa\u00fade (OMS ), o n\u00edvel ideal de umidade do ar para o corpo varia entre 40% e 70%. Nesta sexta-feira, de acordo com dados do Climatempo, a cidade do Rio registrou \u00edndice entre 38% e 59%. Os efeitos no corpo podem ser adversos, principalmente relacionados a doen\u00e7as respirat\u00f3rias, salienta o m\u00e9dico alergista e coordenador do Brasil Sem Alergia, Marcello Bossois:<\/p>\n<p>\u2014 \u00c9 um momento muito complicado porque estamos vivendo um momento de pandemia. E quando a gente associa um tempo muito seco \u00e0 umidade relativa \u00e9 muito importante. Um paciente com tend\u00eancia a ter asma ou rinite cr\u00f4nica, por exemplo, tende a piorar nesse per\u00edodo. Aqueles com doen\u00e7as respirat\u00f3rias e dermatite at\u00f3pica pioram muito no per\u00edodo seco. No caso da dermatite, piora muito pela pele ser muito seca, e o tempo causa mais coceiras, mais irrita\u00e7\u00f5es.<\/p>\n","protected":false},"excerpt":{"rendered":"<p>O inverno 2022 est\u00e1 com ares de ver\u00e3o. Temperaturas sobem ao longo do dia, com m\u00e1xima sempre pr\u00f3xima aos 30<\/p>\n","protected":false},"author":1,"featured_media":363,"comment_status":"open","ping_status":"open","sticky":false,"template":"","format":"standard","meta":{"footnotes":""},"categories":[1],"tags":[],"class_list":["post-333","post","type-post","status-publish","format-standard","has-post-thumbnail","hentry","category-geral"],"yoast_head":"<!-- This site is optimized with the Yoast SEO plugin v22.7 - https:\/\/yoast.com\/wordpress\/plugins\/seo\/ -->\n<title>Inverno no Rio de Janeiro registra dias de altas temperaturas e baixa umidade do ar; veja os cuidados com a sa\u00fade - Loja Abbaa<\/title>\n<meta name=\"robots\" content=\"index, follow, max-snippet:-1, max-image-preview:large, max-video-preview:-1\" \/>\n<link rel=\"canonical\" href=\"https:\/\/brasilsemalergia.com.br\/loja_abbaa\/blog\/geral\/inverno-no-rio-de-janeiro-registra-dias-de-altas-temperaturas-e-baixa-umidade-do-ar-veja-os-cuidados-com-a-saude\/\" \/>\n<meta property=\"og:locale\" content=\"pt_BR\" \/>\n<meta property=\"og:type\" content=\"article\" \/>\n<meta property=\"og:title\" content=\"Inverno no Rio de Janeiro registra dias de altas temperaturas e baixa umidade do ar; veja os cuidados com a sa\u00fade - Loja Abbaa\" \/>\n<meta property=\"og:description\" content=\"O inverno 2022 est\u00e1 com ares de ver\u00e3o. Temperaturas sobem ao longo do dia, com m\u00e1xima sempre pr\u00f3xima aos 30\" \/>\n<meta property=\"og:url\" content=\"https:\/\/brasilsemalergia.com.br\/loja_abbaa\/blog\/geral\/inverno-no-rio-de-janeiro-registra-dias-de-altas-temperaturas-e-baixa-umidade-do-ar-veja-os-cuidados-com-a-saude\/\" \/>\n<meta property=\"og:site_name\" content=\"Loja Abbaa\" \/>\n<meta property=\"article:published_time\" content=\"2022-09-20T14:40:17+00:00\" \/>\n<meta property=\"og:image\" content=\"https:\/\/brasilsemalergia.com.br\/loja_abbaa\/wp-content\/uploads\/2022\/09\/praia.jpg\" \/>\n\t<meta property=\"og:image:width\" content=\"640\" \/>\n\t<meta property=\"og:image:height\" content=\"360\" \/>\n\t<meta property=\"og:image:type\" content=\"image\/jpeg\" \/>\n<meta name=\"author\" content=\"admin\" \/>\n<meta name=\"twitter:card\" content=\"summary_large_image\" \/>\n<meta name=\"twitter:label1\" content=\"Escrito por\" \/>\n\t<meta name=\"twitter:data1\" content=\"admin\" \/>\n\t<meta name=\"twitter:label2\" content=\"Est. tempo de leitura\" \/>\n\t<meta name=\"twitter:data2\" content=\"1 minuto\" \/>\n<script type=\"application\/ld+json\" class=\"yoast-schema-graph\">{\"@context\":\"https:\/\/schema.org\",\"@graph\":[{\"@type\":\"Article\",\"@id\":\"https:\/\/brasilsemalergia.com.br\/loja_abbaa\/blog\/geral\/inverno-no-rio-de-janeiro-registra-dias-de-altas-temperaturas-e-baixa-umidade-do-ar-veja-os-cuidados-com-a-saude\/#article\",\"isPartOf\":{\"@id\":\"https:\/\/brasilsemalergia.com.br\/loja_abbaa\/blog\/geral\/inverno-no-rio-de-janeiro-registra-dias-de-altas-temperaturas-e-baixa-umidade-do-ar-veja-os-cuidados-com-a-saude\/\"},\"author\":{\"name\":\"admin\",\"@id\":\"https:\/\/brasilsemalergia.com.br\/loja_abbaa\/#\/schema\/person\/4567361f02a8ca12f34be3bbc5c1db5e\"},\"headline\":\"Inverno no Rio de Janeiro registra dias de altas temperaturas e baixa umidade do ar; veja os cuidados com a sa\u00fade\",\"datePublished\":\"2022-09-20T14:40:17+00:00\",\"dateModified\":\"2022-09-20T14:40:17+00:00\",\"mainEntityOfPage\":{\"@id\":\"https:\/\/brasilsemalergia.com.br\/loja_abbaa\/blog\/geral\/inverno-no-rio-de-janeiro-registra-dias-de-altas-temperaturas-e-baixa-umidade-do-ar-veja-os-cuidados-com-a-saude\/\"},\"wordCount\":258,\"commentCount\":0,\"publisher\":{\"@id\":\"https:\/\/brasilsemalergia.com.br\/loja_abbaa\/#organization\"},\"image\":{\"@id\":\"https:\/\/brasilsemalergia.com.br\/loja_abbaa\/blog\/geral\/inverno-no-rio-de-janeiro-registra-dias-de-altas-temperaturas-e-baixa-umidade-do-ar-veja-os-cuidados-com-a-saude\/#primaryimage\"},\"thumbnailUrl\":\"https:\/\/brasilsemalergia.com.br\/loja_abbaa\/wp-content\/uploads\/2022\/09\/praia.jpg\",\"articleSection\":[\"Geral\"],\"inLanguage\":\"pt-BR\",\"potentialAction\":[{\"@type\":\"CommentAction\",\"name\":\"Comment\",\"target\":[\"https:\/\/brasilsemalergia.com.br\/loja_abbaa\/blog\/geral\/inverno-no-rio-de-janeiro-registra-dias-de-altas-temperaturas-e-baixa-umidade-do-ar-veja-os-cuidados-com-a-saude\/#respond\"]}]},{\"@type\":\"WebPage\",\"@id\":\"https:\/\/brasilsemalergia.com.br\/loja_abbaa\/blog\/geral\/inverno-no-rio-de-janeiro-registra-dias-de-altas-temperaturas-e-baixa-umidade-do-ar-veja-os-cuidados-com-a-saude\/\",\"url\":\"https:\/\/brasilsemalergia.com.br\/loja_abbaa\/blog\/geral\/inverno-no-rio-de-janeiro-registra-dias-de-altas-temperaturas-e-baixa-umidade-do-ar-veja-os-cuidados-com-a-saude\/\",\"name\":\"Inverno no Rio de Janeiro registra dias de altas temperaturas e baixa umidade do ar; veja os cuidados com a sa\u00fade - Loja Abbaa\",\"isPartOf\":{\"@id\":\"https:\/\/brasilsemalergia.com.br\/loja_abbaa\/#website\"},\"primaryImageOfPage\":{\"@id\":\"https:\/\/brasilsemalergia.com.br\/loja_abbaa\/blog\/geral\/inverno-no-rio-de-janeiro-registra-dias-de-altas-temperaturas-e-baixa-umidade-do-ar-veja-os-cuidados-com-a-saude\/#primaryimage\"},\"image\":{\"@id\":\"https:\/\/brasilsemalergia.com.br\/loja_abbaa\/blog\/geral\/inverno-no-rio-de-janeiro-registra-dias-de-altas-temperaturas-e-baixa-umidade-do-ar-veja-os-cuidados-com-a-saude\/#primaryimage\"},\"thumbnailUrl\":\"https:\/\/brasilsemalergia.com.br\/loja_abbaa\/wp-content\/uploads\/2022\/09\/praia.jpg\",\"datePublished\":\"2022-09-20T14:40:17+00:00\",\"dateModified\":\"2022-09-20T14:40:17+00:00\",\"breadcrumb\":{\"@id\":\"https:\/\/brasilsemalergia.com.br\/loja_abbaa\/blog\/geral\/inverno-no-rio-de-janeiro-registra-dias-de-altas-temperaturas-e-baixa-umidade-do-ar-veja-os-cuidados-com-a-saude\/#breadcrumb\"},\"inLanguage\":\"pt-BR\",\"potentialAction\":[{\"@type\":\"ReadAction\",\"target\":[\"https:\/\/brasilsemalergia.com.br\/loja_abbaa\/blog\/geral\/inverno-no-rio-de-janeiro-registra-dias-de-altas-temperaturas-e-baixa-umidade-do-ar-veja-os-cuidados-com-a-saude\/\"]}]},{\"@type\":\"ImageObject\",\"inLanguage\":\"pt-BR\",\"@id\":\"https:\/\/brasilsemalergia.com.br\/loja_abbaa\/blog\/geral\/inverno-no-rio-de-janeiro-registra-dias-de-altas-temperaturas-e-baixa-umidade-do-ar-veja-os-cuidados-com-a-saude\/#primaryimage\",\"url\":\"https:\/\/brasilsemalergia.com.br\/loja_abbaa\/wp-content\/uploads\/2022\/09\/praia.jpg\",\"contentUrl\":\"https:\/\/brasilsemalergia.com.br\/loja_abbaa\/wp-content\/uploads\/2022\/09\/praia.jpg\",\"width\":640,\"height\":360},{\"@type\":\"BreadcrumbList\",\"@id\":\"https:\/\/brasilsemalergia.com.br\/loja_abbaa\/blog\/geral\/inverno-no-rio-de-janeiro-registra-dias-de-altas-temperaturas-e-baixa-umidade-do-ar-veja-os-cuidados-com-a-saude\/#breadcrumb\",\"itemListElement\":[{\"@type\":\"ListItem\",\"position\":1,\"name\":\"In\u00edcio\",\"item\":\"https:\/\/brasilsemalergia.com.br\/loja_abbaa\/\"},{\"@type\":\"ListItem\",\"position\":2,\"name\":\"Inverno no Rio de Janeiro registra dias de altas temperaturas e baixa umidade do ar; veja os cuidados com a sa\u00fade\"}]},{\"@type\":\"WebSite\",\"@id\":\"https:\/\/brasilsemalergia.com.br\/loja_abbaa\/#website\",\"url\":\"https:\/\/brasilsemalergia.com.br\/loja_abbaa\/\",\"name\":\"Loja Abbaa\",\"description\":\"\",\"publisher\":{\"@id\":\"https:\/\/brasilsemalergia.com.br\/loja_abbaa\/#organization\"},\"potentialAction\":[{\"@type\":\"SearchAction\",\"target\":{\"@type\":\"EntryPoint\",\"urlTemplate\":\"https:\/\/brasilsemalergia.com.br\/loja_abbaa\/?s={search_term_string}\"},\"query-input\":\"required name=search_term_string\"}],\"inLanguage\":\"pt-BR\"},{\"@type\":\"Organization\",\"@id\":\"https:\/\/brasilsemalergia.com.br\/loja_abbaa\/#organization\",\"name\":\"Loja Abbaa\",\"url\":\"https:\/\/brasilsemalergia.com.br\/loja_abbaa\/\",\"logo\":{\"@type\":\"ImageObject\",\"inLanguage\":\"pt-BR\",\"@id\":\"https:\/\/brasilsemalergia.com.br\/loja_abbaa\/#\/schema\/logo\/image\/\",\"url\":\"https:\/\/brasilsemalergia.com.br\/loja_abbaa\/wp-content\/uploads\/2023\/03\/logo-hor-site.png\",\"contentUrl\":\"https:\/\/brasilsemalergia.com.br\/loja_abbaa\/wp-content\/uploads\/2023\/03\/logo-hor-site.png\",\"width\":440,\"height\":120,\"caption\":\"Loja Abbaa\"},\"image\":{\"@id\":\"https:\/\/brasilsemalergia.com.br\/loja_abbaa\/#\/schema\/logo\/image\/\"}},{\"@type\":\"Person\",\"@id\":\"https:\/\/brasilsemalergia.com.br\/loja_abbaa\/#\/schema\/person\/4567361f02a8ca12f34be3bbc5c1db5e\",\"name\":\"admin\",\"image\":{\"@type\":\"ImageObject\",\"inLanguage\":\"pt-BR\",\"@id\":\"https:\/\/brasilsemalergia.com.br\/loja_abbaa\/#\/schema\/person\/image\/\",\"url\":\"https:\/\/secure.gravatar.com\/avatar\/4f1b72fed8c7fc85a18aaed687ba0edb1024c68e6b05e798533459be324cdf04?s=96&d=mm&r=g\",\"contentUrl\":\"https:\/\/secure.gravatar.com\/avatar\/4f1b72fed8c7fc85a18aaed687ba0edb1024c68e6b05e798533459be324cdf04?s=96&d=mm&r=g\",\"caption\":\"admin\"},\"sameAs\":[\"https:\/\/brasilsemalergia.com.br\/farmaciapopular\"]}]}<\/script>\n<!-- \/ Yoast SEO plugin. -->","yoast_head_json":{"title":"Inverno no Rio de Janeiro registra dias de altas temperaturas e baixa umidade do ar; veja os cuidados com a sa\u00fade - Loja Abbaa","robots":{"index":"index","follow":"follow","max-snippet":"max-snippet:-1","max-image-preview":"max-image-preview:large","max-video-preview":"max-video-preview:-1"},"canonical":"https:\/\/brasilsemalergia.com.br\/loja_abbaa\/blog\/geral\/inverno-no-rio-de-janeiro-registra-dias-de-altas-temperaturas-e-baixa-umidade-do-ar-veja-os-cuidados-com-a-saude\/","og_locale":"pt_BR","og_type":"article","og_title":"Inverno no Rio de Janeiro registra dias de altas temperaturas e baixa umidade do ar; veja os cuidados com a sa\u00fade - Loja Abbaa","og_description":"O inverno 2022 est\u00e1 com ares de ver\u00e3o. Temperaturas sobem ao longo do dia, com m\u00e1xima sempre pr\u00f3xima aos 30","og_url":"https:\/\/brasilsemalergia.com.br\/loja_abbaa\/blog\/geral\/inverno-no-rio-de-janeiro-registra-dias-de-altas-temperaturas-e-baixa-umidade-do-ar-veja-os-cuidados-com-a-saude\/","og_site_name":"Loja Abbaa","article_published_time":"2022-09-20T14:40:17+00:00","og_image":[{"width":640,"height":360,"url":"https:\/\/brasilsemalergia.com.br\/loja_abbaa\/wp-content\/uploads\/2022\/09\/praia.jpg","type":"image\/jpeg"}],"author":"admin","twitter_card":"summary_large_image","twitter_misc":{"Escrito por":"admin","Est. tempo de leitura":"1 minuto"},"schema":{"@context":"https:\/\/schema.org","@graph":[{"@type":"Article","@id":"https:\/\/brasilsemalergia.com.br\/loja_abbaa\/blog\/geral\/inverno-no-rio-de-janeiro-registra-dias-de-altas-temperaturas-e-baixa-umidade-do-ar-veja-os-cuidados-com-a-saude\/#article","isPartOf":{"@id":"https:\/\/brasilsemalergia.com.br\/loja_abbaa\/blog\/geral\/inverno-no-rio-de-janeiro-registra-dias-de-altas-temperaturas-e-baixa-umidade-do-ar-veja-os-cuidados-com-a-saude\/"},"author":{"name":"admin","@id":"https:\/\/brasilsemalergia.com.br\/loja_abbaa\/#\/schema\/person\/4567361f02a8ca12f34be3bbc5c1db5e"},"headline":"Inverno no Rio de Janeiro registra dias de altas temperaturas e baixa umidade do ar; veja os cuidados com a sa\u00fade","datePublished":"2022-09-20T14:40:17+00:00","dateModified":"2022-09-20T14:40:17+00:00","mainEntityOfPage":{"@id":"https:\/\/brasilsemalergia.com.br\/loja_abbaa\/blog\/geral\/inverno-no-rio-de-janeiro-registra-dias-de-altas-temperaturas-e-baixa-umidade-do-ar-veja-os-cuidados-com-a-saude\/"},"wordCount":258,"commentCount":0,"publisher":{"@id":"https:\/\/brasilsemalergia.com.br\/loja_abbaa\/#organization"},"image":{"@id":"https:\/\/brasilsemalergia.com.br\/loja_abbaa\/blog\/geral\/inverno-no-rio-de-janeiro-registra-dias-de-altas-temperaturas-e-baixa-umidade-do-ar-veja-os-cuidados-com-a-saude\/#primaryimage"},"thumbnailUrl":"https:\/\/brasilsemalergia.com.br\/loja_abbaa\/wp-content\/uploads\/2022\/09\/praia.jpg","articleSection":["Geral"],"inLanguage":"pt-BR","potentialAction":[{"@type":"CommentAction","name":"Comment","target":["https:\/\/brasilsemalergia.com.br\/loja_abbaa\/blog\/geral\/inverno-no-rio-de-janeiro-registra-dias-de-altas-temperaturas-e-baixa-umidade-do-ar-veja-os-cuidados-com-a-saude\/#respond"]}]},{"@type":"WebPage","@id":"https:\/\/brasilsemalergia.com.br\/loja_abbaa\/blog\/geral\/inverno-no-rio-de-janeiro-registra-dias-de-altas-temperaturas-e-baixa-umidade-do-ar-veja-os-cuidados-com-a-saude\/","url":"https:\/\/brasilsemalergia.com.br\/loja_abbaa\/blog\/geral\/inverno-no-rio-de-janeiro-registra-dias-de-altas-temperaturas-e-baixa-umidade-do-ar-veja-os-cuidados-com-a-saude\/","name":"Inverno no Rio de Janeiro registra dias de altas temperaturas e baixa umidade do ar; veja os cuidados com a sa\u00fade - Loja Abbaa","isPartOf":{"@id":"https:\/\/brasilsemalergia.com.br\/loja_abbaa\/#website"},"primaryImageOfPage":{"@id":"https:\/\/brasilsemalergia.com.br\/loja_abbaa\/blog\/geral\/inverno-no-rio-de-janeiro-registra-dias-de-altas-temperaturas-e-baixa-umidade-do-ar-veja-os-cuidados-com-a-saude\/#primaryimage"},"image":{"@id":"https:\/\/brasilsemalergia.com.br\/loja_abbaa\/blog\/geral\/inverno-no-rio-de-janeiro-registra-dias-de-altas-temperaturas-e-baixa-umidade-do-ar-veja-os-cuidados-com-a-saude\/#primaryimage"},"thumbnailUrl":"https:\/\/brasilsemalergia.com.br\/loja_abbaa\/wp-content\/uploads\/2022\/09\/praia.jpg","datePublished":"2022-09-20T14:40:17+00:00","dateModified":"2022-09-20T14:40:17+00:00","breadcrumb":{"@id":"https:\/\/brasilsemalergia.com.br\/loja_abbaa\/blog\/geral\/inverno-no-rio-de-janeiro-registra-dias-de-altas-temperaturas-e-baixa-umidade-do-ar-veja-os-cuidados-com-a-saude\/#breadcrumb"},"inLanguage":"pt-BR","potentialAction":[{"@type":"ReadAction","target":["https:\/\/brasilsemalergia.com.br\/loja_abbaa\/blog\/geral\/inverno-no-rio-de-janeiro-registra-dias-de-altas-temperaturas-e-baixa-umidade-do-ar-veja-os-cuidados-com-a-saude\/"]}]},{"@type":"ImageObject","inLanguage":"pt-BR","@id":"https:\/\/brasilsemalergia.com.br\/loja_abbaa\/blog\/geral\/inverno-no-rio-de-janeiro-registra-dias-de-altas-temperaturas-e-baixa-umidade-do-ar-veja-os-cuidados-com-a-saude\/#primaryimage","url":"https:\/\/brasilsemalergia.com.br\/loja_abbaa\/wp-content\/uploads\/2022\/09\/praia.jpg","contentUrl":"https:\/\/brasilsemalergia.com.br\/loja_abbaa\/wp-content\/uploads\/2022\/09\/praia.jpg","width":640,"height":360},{"@type":"BreadcrumbList","@id":"https:\/\/brasilsemalergia.com.br\/loja_abbaa\/blog\/geral\/inverno-no-rio-de-janeiro-registra-dias-de-altas-temperaturas-e-baixa-umidade-do-ar-veja-os-cuidados-com-a-saude\/#breadcrumb","itemListElement":[{"@type":"ListItem","position":1,"name":"In\u00edcio","item":"https:\/\/brasilsemalergia.com.br\/loja_abbaa\/"},{"@type":"ListItem","position":2,"name":"Inverno no Rio de Janeiro registra dias de altas temperaturas e baixa umidade do ar; veja os cuidados com a sa\u00fade"}]},{"@type":"WebSite","@id":"https:\/\/brasilsemalergia.com.br\/loja_abbaa\/#website","url":"https:\/\/brasilsemalergia.com.br\/loja_abbaa\/","name":"Loja Abbaa","description":"","publisher":{"@id":"https:\/\/brasilsemalergia.com.br\/loja_abbaa\/#organization"},"potentialAction":[{"@type":"SearchAction","target":{"@type":"EntryPoint","urlTemplate":"https:\/\/brasilsemalergia.com.br\/loja_abbaa\/?s={search_term_string}"},"query-input":"required name=search_term_string"}],"inLanguage":"pt-BR"},{"@type":"Organization","@id":"https:\/\/brasilsemalergia.com.br\/loja_abbaa\/#organization","name":"Loja Abbaa","url":"https:\/\/brasilsemalergia.com.br\/loja_abbaa\/","logo":{"@type":"ImageObject","inLanguage":"pt-BR","@id":"https:\/\/brasilsemalergia.com.br\/loja_abbaa\/#\/schema\/logo\/image\/","url":"https:\/\/brasilsemalergia.com.br\/loja_abbaa\/wp-content\/uploads\/2023\/03\/logo-hor-site.png","contentUrl":"https:\/\/brasilsemalergia.com.br\/loja_abbaa\/wp-content\/uploads\/2023\/03\/logo-hor-site.png","width":440,"height":120,"caption":"Loja Abbaa"},"image":{"@id":"https:\/\/brasilsemalergia.com.br\/loja_abbaa\/#\/schema\/logo\/image\/"}},{"@type":"Person","@id":"https:\/\/brasilsemalergia.com.br\/loja_abbaa\/#\/schema\/person\/4567361f02a8ca12f34be3bbc5c1db5e","name":"admin","image":{"@type":"ImageObject","inLanguage":"pt-BR","@id":"https:\/\/brasilsemalergia.com.br\/loja_abbaa\/#\/schema\/person\/image\/","url":"https:\/\/secure.gravatar.com\/avatar\/4f1b72fed8c7fc85a18aaed687ba0edb1024c68e6b05e798533459be324cdf04?s=96&d=mm&r=g","contentUrl":"https:\/\/secure.gravatar.com\/avatar\/4f1b72fed8c7fc85a18aaed687ba0edb1024c68e6b05e798533459be324cdf04?s=96&d=mm&r=g","caption":"admin"},"sameAs":["https:\/\/brasilsemalergia.com.br\/farmaciapopular"]}]}},"rttpg_featured_image_url":{"full":["https:\/\/brasilsemalergia.com.br\/loja_abbaa\/wp-content\/uploads\/2022\/09\/praia.jpg",640,360,false],"landscape":["https:\/\/brasilsemalergia.com.br\/loja_abbaa\/wp-content\/uploads\/2022\/09\/praia.jpg",640,360,false],"portraits":["https:\/\/brasilsemalergia.com.br\/loja_abbaa\/wp-content\/uploads\/2022\/09\/praia.jpg",640,360,false],"thumbnail":["https:\/\/brasilsemalergia.com.br\/loja_abbaa\/wp-content\/uploads\/2022\/09\/praia-150x150.jpg",150,150,true],"medium":["https:\/\/brasilsemalergia.com.br\/loja_abbaa\/wp-content\/uploads\/2022\/09\/praia-300x169.jpg",300,169,true],"large":["https:\/\/brasilsemalergia.com.br\/loja_abbaa\/wp-content\/uploads\/2022\/09\/praia.jpg",640,360,false],"1536x1536":["https:\/\/brasilsemalergia.com.br\/loja_abbaa\/wp-content\/uploads\/2022\/09\/praia.jpg",640,360,false],"2048x2048":["https:\/\/brasilsemalergia.com.br\/loja_abbaa\/wp-content\/uploads\/2022\/09\/praia.jpg",640,360,false],"woodmart_shop_catalog_x2":["https:\/\/brasilsemalergia.com.br\/loja_abbaa\/wp-content\/uploads\/2022\/09\/praia.jpg",600,338,false],"woocommerce_thumbnail":["https:\/\/brasilsemalergia.com.br\/loja_abbaa\/wp-content\/uploads\/2022\/09\/praia-300x300.jpg",300,300,true],"woocommerce_single":["https:\/\/brasilsemalergia.com.br\/loja_abbaa\/wp-content\/uploads\/2022\/09\/praia-600x338.jpg",600,338,true],"woocommerce_gallery_thumbnail":["https:\/\/brasilsemalergia.com.br\/loja_abbaa\/wp-content\/uploads\/2022\/09\/praia-150x84.jpg",150,84,true]},"rttpg_author":{"display_name":"admin","author_link":"https:\/\/brasilsemalergia.com.br\/loja_abbaa\/blog\/author\/admin\/"},"rttpg_comment":0,"rttpg_category":"<a href=\"https:\/\/brasilsemalergia.com.br\/loja_abbaa\/blog\/geral\/\" rel=\"category tag\">Geral<\/a>","rttpg_excerpt":"O inverno 2022 est\u00e1 com ares de ver\u00e3o. Temperaturas sobem ao longo do dia, com m\u00e1xima sempre pr\u00f3xima aos 30","_links":{"self":[{"href":"https:\/\/brasilsemalergia.com.br\/loja_abbaa\/wp-json\/wp\/v2\/posts\/333","targetHints":{"allow":["GET"]}}],"collection":[{"href":"https:\/\/brasilsemalergia.com.br\/loja_abbaa\/wp-json\/wp\/v2\/posts"}],"about":[{"href":"https:\/\/brasilsemalergia.com.br\/loja_abbaa\/wp-json\/wp\/v2\/types\/post"}],"author":[{"embeddable":true,"href":"https:\/\/brasilsemalergia.com.br\/loja_abbaa\/wp-json\/wp\/v2\/users\/1"}],"replies":[{"embeddable":true,"href":"https:\/\/brasilsemalergia.com.br\/loja_abbaa\/wp-json\/wp\/v2\/comments?post=333"}],"version-history":[{"count":0,"href":"https:\/\/brasilsemalergia.com.br\/loja_abbaa\/wp-json\/wp\/v2\/posts\/333\/revisions"}],"wp:featuredmedia":[{"embeddable":true,"href":"https:\/\/brasilsemalergia.com.br\/loja_abbaa\/wp-json\/wp\/v2\/media\/363"}],"wp:attachment":[{"href":"https:\/\/brasilsemalergia.com.br\/loja_abbaa\/wp-json\/wp\/v2\/media?parent=333"}],"wp:term":[{"taxonomy":"category","embeddable":true,"href":"https:\/\/brasilsemalergia.com.br\/loja_abbaa\/wp-json\/wp\/v2\/categories?post=333"},{"taxonomy":"post_tag","embeddable":true,"href":"https:\/\/brasilsemalergia.com.br\/loja_abbaa\/wp-json\/wp\/v2\/tags?post=333"}],"curies":[{"name":"wp","href":"https:\/\/api.w.org\/{rel}","templated":true}]}}