{"id":334,"date":"2022-09-20T11:45:39","date_gmt":"2022-09-20T14:45:39","guid":{"rendered":"https:\/\/brasilsemalergia.com.br\/apoio_farmacia_popular\/?p=334"},"modified":"2022-09-20T11:45:39","modified_gmt":"2022-09-20T14:45:39","slug":"iniciativa-pede-que-em-troca-pacientes-doem-medicamentos-que-serao-encaminhados-para-refugiados-da-ucrania-no-parana-atendimentos-gratuitos-devem-ser-agendados","status":"publish","type":"post","link":"https:\/\/brasilsemalergia.com.br\/loja_abbaa\/blog\/geral\/iniciativa-pede-que-em-troca-pacientes-doem-medicamentos-que-serao-encaminhados-para-refugiados-da-ucrania-no-parana-atendimentos-gratuitos-devem-ser-agendados\/","title":{"rendered":"Iniciativa pede que, em troca, pacientes doem medicamentos, que ser\u00e3o encaminhados para refugiados da Ucr\u00e2nia no Paran\u00e1. Atendimentos gratuitos devem ser agendados."},"content":{"rendered":"<p>Um projeto social est\u00e1 ofertando atendimento m\u00e9dico gratuito para alergias, em Curitiba.<\/p>\n<p>Conforme a iniciativa Brasil Sem Alergia, s\u00e3o oferecidos aos pacientes testes al\u00e9rgicos, atendimento m\u00e9dico e orienta\u00e7\u00e3o multidisciplinar para tratamento de alergias, as quais afetam cerca de 35% dos brasileiros.<\/p>\n<p>5 mitos sobre alergias e intoler\u00e2ncias a alimentos<br \/>\nPor que temos alergias e algumas desaparecem sozinhas<br \/>\nO projeto informou que est\u00e1 \u00e0 disposi\u00e7\u00e3o dos paranaenses, especialmente para pacientes com rinite al\u00e9rgica, asma, bronquite, sinusite, dermatite at\u00f3pica e rea\u00e7\u00e3o a picadas de insetos.<\/p>\n<p>Segundo o projeto, os atendimentos ocorrem na Rua Aref Kudri, 147, de segunda a sexta-feira, das 8h30 \u00e0s 17h, e aos s\u00e1bados, das 8h30 \u00e0s 11h30.<\/p>\n<p>Interessados devem agendar as consultas pelos telefones (41) 3092-6408 e (41) 99741-0089 (WhatsApp), ou pela internet.<\/p>\n<p>Doa\u00e7\u00f5es<br \/>\nDe acordo com o projeto, em paralelo, a equipe organiza uma campanha de arrecada\u00e7\u00e3o de medicamentos para refugiados da Ucr\u00e2nia no Paran\u00e1, que tem a maior concentra\u00e7\u00e3o de ucranianos no pa\u00eds.<\/p>\n<p>Como imigrantes e descendentes consolidaram Prudent\u00f3polis como a Ucr\u00e2nia brasileira<br \/>\nRefugiados ucranianos que sa\u00edram do pa\u00eds por causa da guerra chegam ao Paran\u00e1: &#8216;Quest\u00e3o humanit\u00e1ria&#8217;<br \/>\nPor isso, durante o m\u00eas de abril, todos os servi\u00e7os ser\u00e3o oferecidos gratuitamente na unidade e, em troca, a entidade pede que o paciente leve qualquer tipo de medicamento, como Paracetamol, Dipirona e AAS, mesmo os rem\u00e9dios esquecidos em casa dentro do prazo de validade.<\/p>\n<p>A campanha de doa\u00e7\u00e3o conta com o apoio do Consulado da Ucr\u00e2nia em Curitiba e do Instituto Paranaense de Apoio Social a Sa\u00fade (IPASS).<\/p>\n","protected":false},"excerpt":{"rendered":"<p>Um projeto social est\u00e1 ofertando atendimento m\u00e9dico gratuito para alergias, em Curitiba. Conforme a iniciativa Brasil Sem Alergia, s\u00e3o oferecidos<\/p>\n","protected":false},"author":1,"featured_media":378,"comment_status":"open","ping_status":"open","sticky":false,"template":"","format":"standard","meta":{"footnotes":""},"categories":[1],"tags":[],"class_list":["post-334","post","type-post","status-publish","format-standard","has-post-thumbnail","hentry","category-geral"],"yoast_head":"<!-- This site is optimized with the Yoast SEO plugin v22.7 - https:\/\/yoast.com\/wordpress\/plugins\/seo\/ -->\n<title>Iniciativa pede que, em troca, pacientes doem medicamentos, que ser\u00e3o encaminhados para refugiados da Ucr\u00e2nia no Paran\u00e1. Atendimentos gratuitos devem ser agendados. - Loja Abbaa<\/title>\n<meta name=\"robots\" content=\"index, follow, max-snippet:-1, max-image-preview:large, max-video-preview:-1\" \/>\n<link rel=\"canonical\" href=\"https:\/\/brasilsemalergia.com.br\/loja_abbaa\/blog\/geral\/iniciativa-pede-que-em-troca-pacientes-doem-medicamentos-que-serao-encaminhados-para-refugiados-da-ucrania-no-parana-atendimentos-gratuitos-devem-ser-agendados\/\" \/>\n<meta property=\"og:locale\" content=\"pt_BR\" \/>\n<meta property=\"og:type\" content=\"article\" \/>\n<meta property=\"og:title\" content=\"Iniciativa pede que, em troca, pacientes doem medicamentos, que ser\u00e3o encaminhados para refugiados da Ucr\u00e2nia no Paran\u00e1. Atendimentos gratuitos devem ser agendados. - Loja Abbaa\" \/>\n<meta property=\"og:description\" content=\"Um projeto social est\u00e1 ofertando atendimento m\u00e9dico gratuito para alergias, em Curitiba. Conforme a iniciativa Brasil Sem Alergia, s\u00e3o oferecidos\" \/>\n<meta property=\"og:url\" content=\"https:\/\/brasilsemalergia.com.br\/loja_abbaa\/blog\/geral\/iniciativa-pede-que-em-troca-pacientes-doem-medicamentos-que-serao-encaminhados-para-refugiados-da-ucrania-no-parana-atendimentos-gratuitos-devem-ser-agendados\/\" \/>\n<meta property=\"og:site_name\" content=\"Loja Abbaa\" \/>\n<meta property=\"article:published_time\" content=\"2022-09-20T14:45:39+00:00\" \/>\n<meta property=\"og:image\" content=\"https:\/\/brasilsemalergia.com.br\/loja_abbaa\/wp-content\/uploads\/2022\/09\/mao.jpg\" \/>\n\t<meta property=\"og:image:width\" content=\"737\" \/>\n\t<meta property=\"og:image:height\" content=\"507\" \/>\n\t<meta property=\"og:image:type\" content=\"image\/jpeg\" \/>\n<meta name=\"author\" content=\"admin\" \/>\n<meta name=\"twitter:card\" content=\"summary_large_image\" \/>\n<meta name=\"twitter:label1\" content=\"Escrito por\" \/>\n\t<meta name=\"twitter:data1\" content=\"admin\" \/>\n\t<meta name=\"twitter:label2\" content=\"Est. tempo de leitura\" \/>\n\t<meta name=\"twitter:data2\" content=\"1 minuto\" \/>\n<script type=\"application\/ld+json\" class=\"yoast-schema-graph\">{\"@context\":\"https:\/\/schema.org\",\"@graph\":[{\"@type\":\"Article\",\"@id\":\"https:\/\/brasilsemalergia.com.br\/loja_abbaa\/blog\/geral\/iniciativa-pede-que-em-troca-pacientes-doem-medicamentos-que-serao-encaminhados-para-refugiados-da-ucrania-no-parana-atendimentos-gratuitos-devem-ser-agendados\/#article\",\"isPartOf\":{\"@id\":\"https:\/\/brasilsemalergia.com.br\/loja_abbaa\/blog\/geral\/iniciativa-pede-que-em-troca-pacientes-doem-medicamentos-que-serao-encaminhados-para-refugiados-da-ucrania-no-parana-atendimentos-gratuitos-devem-ser-agendados\/\"},\"author\":{\"name\":\"admin\",\"@id\":\"https:\/\/brasilsemalergia.com.br\/loja_abbaa\/#\/schema\/person\/4567361f02a8ca12f34be3bbc5c1db5e\"},\"headline\":\"Iniciativa pede que, em troca, pacientes doem medicamentos, que ser\u00e3o encaminhados para refugiados da Ucr\u00e2nia no Paran\u00e1. Atendimentos gratuitos devem ser agendados.\",\"datePublished\":\"2022-09-20T14:45:39+00:00\",\"dateModified\":\"2022-09-20T14:45:39+00:00\",\"mainEntityOfPage\":{\"@id\":\"https:\/\/brasilsemalergia.com.br\/loja_abbaa\/blog\/geral\/iniciativa-pede-que-em-troca-pacientes-doem-medicamentos-que-serao-encaminhados-para-refugiados-da-ucrania-no-parana-atendimentos-gratuitos-devem-ser-agendados\/\"},\"wordCount\":298,\"commentCount\":0,\"publisher\":{\"@id\":\"https:\/\/brasilsemalergia.com.br\/loja_abbaa\/#organization\"},\"image\":{\"@id\":\"https:\/\/brasilsemalergia.com.br\/loja_abbaa\/blog\/geral\/iniciativa-pede-que-em-troca-pacientes-doem-medicamentos-que-serao-encaminhados-para-refugiados-da-ucrania-no-parana-atendimentos-gratuitos-devem-ser-agendados\/#primaryimage\"},\"thumbnailUrl\":\"https:\/\/brasilsemalergia.com.br\/loja_abbaa\/wp-content\/uploads\/2022\/09\/mao.jpg\",\"articleSection\":[\"Geral\"],\"inLanguage\":\"pt-BR\",\"potentialAction\":[{\"@type\":\"CommentAction\",\"name\":\"Comment\",\"target\":[\"https:\/\/brasilsemalergia.com.br\/loja_abbaa\/blog\/geral\/iniciativa-pede-que-em-troca-pacientes-doem-medicamentos-que-serao-encaminhados-para-refugiados-da-ucrania-no-parana-atendimentos-gratuitos-devem-ser-agendados\/#respond\"]}]},{\"@type\":\"WebPage\",\"@id\":\"https:\/\/brasilsemalergia.com.br\/loja_abbaa\/blog\/geral\/iniciativa-pede-que-em-troca-pacientes-doem-medicamentos-que-serao-encaminhados-para-refugiados-da-ucrania-no-parana-atendimentos-gratuitos-devem-ser-agendados\/\",\"url\":\"https:\/\/brasilsemalergia.com.br\/loja_abbaa\/blog\/geral\/iniciativa-pede-que-em-troca-pacientes-doem-medicamentos-que-serao-encaminhados-para-refugiados-da-ucrania-no-parana-atendimentos-gratuitos-devem-ser-agendados\/\",\"name\":\"Iniciativa pede que, em troca, pacientes doem medicamentos, que ser\u00e3o encaminhados para refugiados da Ucr\u00e2nia no Paran\u00e1. Atendimentos gratuitos devem ser agendados. - Loja Abbaa\",\"isPartOf\":{\"@id\":\"https:\/\/brasilsemalergia.com.br\/loja_abbaa\/#website\"},\"primaryImageOfPage\":{\"@id\":\"https:\/\/brasilsemalergia.com.br\/loja_abbaa\/blog\/geral\/iniciativa-pede-que-em-troca-pacientes-doem-medicamentos-que-serao-encaminhados-para-refugiados-da-ucrania-no-parana-atendimentos-gratuitos-devem-ser-agendados\/#primaryimage\"},\"image\":{\"@id\":\"https:\/\/brasilsemalergia.com.br\/loja_abbaa\/blog\/geral\/iniciativa-pede-que-em-troca-pacientes-doem-medicamentos-que-serao-encaminhados-para-refugiados-da-ucrania-no-parana-atendimentos-gratuitos-devem-ser-agendados\/#primaryimage\"},\"thumbnailUrl\":\"https:\/\/brasilsemalergia.com.br\/loja_abbaa\/wp-content\/uploads\/2022\/09\/mao.jpg\",\"datePublished\":\"2022-09-20T14:45:39+00:00\",\"dateModified\":\"2022-09-20T14:45:39+00:00\",\"breadcrumb\":{\"@id\":\"https:\/\/brasilsemalergia.com.br\/loja_abbaa\/blog\/geral\/iniciativa-pede-que-em-troca-pacientes-doem-medicamentos-que-serao-encaminhados-para-refugiados-da-ucrania-no-parana-atendimentos-gratuitos-devem-ser-agendados\/#breadcrumb\"},\"inLanguage\":\"pt-BR\",\"potentialAction\":[{\"@type\":\"ReadAction\",\"target\":[\"https:\/\/brasilsemalergia.com.br\/loja_abbaa\/blog\/geral\/iniciativa-pede-que-em-troca-pacientes-doem-medicamentos-que-serao-encaminhados-para-refugiados-da-ucrania-no-parana-atendimentos-gratuitos-devem-ser-agendados\/\"]}]},{\"@type\":\"ImageObject\",\"inLanguage\":\"pt-BR\",\"@id\":\"https:\/\/brasilsemalergia.com.br\/loja_abbaa\/blog\/geral\/iniciativa-pede-que-em-troca-pacientes-doem-medicamentos-que-serao-encaminhados-para-refugiados-da-ucrania-no-parana-atendimentos-gratuitos-devem-ser-agendados\/#primaryimage\",\"url\":\"https:\/\/brasilsemalergia.com.br\/loja_abbaa\/wp-content\/uploads\/2022\/09\/mao.jpg\",\"contentUrl\":\"https:\/\/brasilsemalergia.com.br\/loja_abbaa\/wp-content\/uploads\/2022\/09\/mao.jpg\",\"width\":737,\"height\":507},{\"@type\":\"BreadcrumbList\",\"@id\":\"https:\/\/brasilsemalergia.com.br\/loja_abbaa\/blog\/geral\/iniciativa-pede-que-em-troca-pacientes-doem-medicamentos-que-serao-encaminhados-para-refugiados-da-ucrania-no-parana-atendimentos-gratuitos-devem-ser-agendados\/#breadcrumb\",\"itemListElement\":[{\"@type\":\"ListItem\",\"position\":1,\"name\":\"In\u00edcio\",\"item\":\"https:\/\/brasilsemalergia.com.br\/loja_abbaa\/\"},{\"@type\":\"ListItem\",\"position\":2,\"name\":\"Iniciativa pede que, em troca, pacientes doem medicamentos, que ser\u00e3o encaminhados para refugiados da Ucr\u00e2nia no Paran\u00e1. Atendimentos gratuitos devem ser agendados.\"}]},{\"@type\":\"WebSite\",\"@id\":\"https:\/\/brasilsemalergia.com.br\/loja_abbaa\/#website\",\"url\":\"https:\/\/brasilsemalergia.com.br\/loja_abbaa\/\",\"name\":\"Loja Abbaa\",\"description\":\"\",\"publisher\":{\"@id\":\"https:\/\/brasilsemalergia.com.br\/loja_abbaa\/#organization\"},\"potentialAction\":[{\"@type\":\"SearchAction\",\"target\":{\"@type\":\"EntryPoint\",\"urlTemplate\":\"https:\/\/brasilsemalergia.com.br\/loja_abbaa\/?s={search_term_string}\"},\"query-input\":\"required name=search_term_string\"}],\"inLanguage\":\"pt-BR\"},{\"@type\":\"Organization\",\"@id\":\"https:\/\/brasilsemalergia.com.br\/loja_abbaa\/#organization\",\"name\":\"Loja Abbaa\",\"url\":\"https:\/\/brasilsemalergia.com.br\/loja_abbaa\/\",\"logo\":{\"@type\":\"ImageObject\",\"inLanguage\":\"pt-BR\",\"@id\":\"https:\/\/brasilsemalergia.com.br\/loja_abbaa\/#\/schema\/logo\/image\/\",\"url\":\"https:\/\/brasilsemalergia.com.br\/loja_abbaa\/wp-content\/uploads\/2023\/03\/logo-hor-site.png\",\"contentUrl\":\"https:\/\/brasilsemalergia.com.br\/loja_abbaa\/wp-content\/uploads\/2023\/03\/logo-hor-site.png\",\"width\":440,\"height\":120,\"caption\":\"Loja Abbaa\"},\"image\":{\"@id\":\"https:\/\/brasilsemalergia.com.br\/loja_abbaa\/#\/schema\/logo\/image\/\"}},{\"@type\":\"Person\",\"@id\":\"https:\/\/brasilsemalergia.com.br\/loja_abbaa\/#\/schema\/person\/4567361f02a8ca12f34be3bbc5c1db5e\",\"name\":\"admin\",\"image\":{\"@type\":\"ImageObject\",\"inLanguage\":\"pt-BR\",\"@id\":\"https:\/\/brasilsemalergia.com.br\/loja_abbaa\/#\/schema\/person\/image\/\",\"url\":\"https:\/\/secure.gravatar.com\/avatar\/4f1b72fed8c7fc85a18aaed687ba0edb1024c68e6b05e798533459be324cdf04?s=96&d=mm&r=g\",\"contentUrl\":\"https:\/\/secure.gravatar.com\/avatar\/4f1b72fed8c7fc85a18aaed687ba0edb1024c68e6b05e798533459be324cdf04?s=96&d=mm&r=g\",\"caption\":\"admin\"},\"sameAs\":[\"https:\/\/brasilsemalergia.com.br\/farmaciapopular\"]}]}<\/script>\n<!-- \/ Yoast SEO plugin. -->","yoast_head_json":{"title":"Iniciativa pede que, em troca, pacientes doem medicamentos, que ser\u00e3o encaminhados para refugiados da Ucr\u00e2nia no Paran\u00e1. Atendimentos gratuitos devem ser agendados. - Loja Abbaa","robots":{"index":"index","follow":"follow","max-snippet":"max-snippet:-1","max-image-preview":"max-image-preview:large","max-video-preview":"max-video-preview:-1"},"canonical":"https:\/\/brasilsemalergia.com.br\/loja_abbaa\/blog\/geral\/iniciativa-pede-que-em-troca-pacientes-doem-medicamentos-que-serao-encaminhados-para-refugiados-da-ucrania-no-parana-atendimentos-gratuitos-devem-ser-agendados\/","og_locale":"pt_BR","og_type":"article","og_title":"Iniciativa pede que, em troca, pacientes doem medicamentos, que ser\u00e3o encaminhados para refugiados da Ucr\u00e2nia no Paran\u00e1. Atendimentos gratuitos devem ser agendados. - Loja Abbaa","og_description":"Um projeto social est\u00e1 ofertando atendimento m\u00e9dico gratuito para alergias, em Curitiba. Conforme a iniciativa Brasil Sem Alergia, s\u00e3o oferecidos","og_url":"https:\/\/brasilsemalergia.com.br\/loja_abbaa\/blog\/geral\/iniciativa-pede-que-em-troca-pacientes-doem-medicamentos-que-serao-encaminhados-para-refugiados-da-ucrania-no-parana-atendimentos-gratuitos-devem-ser-agendados\/","og_site_name":"Loja Abbaa","article_published_time":"2022-09-20T14:45:39+00:00","og_image":[{"width":737,"height":507,"url":"https:\/\/brasilsemalergia.com.br\/loja_abbaa\/wp-content\/uploads\/2022\/09\/mao.jpg","type":"image\/jpeg"}],"author":"admin","twitter_card":"summary_large_image","twitter_misc":{"Escrito por":"admin","Est. tempo de leitura":"1 minuto"},"schema":{"@context":"https:\/\/schema.org","@graph":[{"@type":"Article","@id":"https:\/\/brasilsemalergia.com.br\/loja_abbaa\/blog\/geral\/iniciativa-pede-que-em-troca-pacientes-doem-medicamentos-que-serao-encaminhados-para-refugiados-da-ucrania-no-parana-atendimentos-gratuitos-devem-ser-agendados\/#article","isPartOf":{"@id":"https:\/\/brasilsemalergia.com.br\/loja_abbaa\/blog\/geral\/iniciativa-pede-que-em-troca-pacientes-doem-medicamentos-que-serao-encaminhados-para-refugiados-da-ucrania-no-parana-atendimentos-gratuitos-devem-ser-agendados\/"},"author":{"name":"admin","@id":"https:\/\/brasilsemalergia.com.br\/loja_abbaa\/#\/schema\/person\/4567361f02a8ca12f34be3bbc5c1db5e"},"headline":"Iniciativa pede que, em troca, pacientes doem medicamentos, que ser\u00e3o encaminhados para refugiados da Ucr\u00e2nia no Paran\u00e1. Atendimentos gratuitos devem ser agendados.","datePublished":"2022-09-20T14:45:39+00:00","dateModified":"2022-09-20T14:45:39+00:00","mainEntityOfPage":{"@id":"https:\/\/brasilsemalergia.com.br\/loja_abbaa\/blog\/geral\/iniciativa-pede-que-em-troca-pacientes-doem-medicamentos-que-serao-encaminhados-para-refugiados-da-ucrania-no-parana-atendimentos-gratuitos-devem-ser-agendados\/"},"wordCount":298,"commentCount":0,"publisher":{"@id":"https:\/\/brasilsemalergia.com.br\/loja_abbaa\/#organization"},"image":{"@id":"https:\/\/brasilsemalergia.com.br\/loja_abbaa\/blog\/geral\/iniciativa-pede-que-em-troca-pacientes-doem-medicamentos-que-serao-encaminhados-para-refugiados-da-ucrania-no-parana-atendimentos-gratuitos-devem-ser-agendados\/#primaryimage"},"thumbnailUrl":"https:\/\/brasilsemalergia.com.br\/loja_abbaa\/wp-content\/uploads\/2022\/09\/mao.jpg","articleSection":["Geral"],"inLanguage":"pt-BR","potentialAction":[{"@type":"CommentAction","name":"Comment","target":["https:\/\/brasilsemalergia.com.br\/loja_abbaa\/blog\/geral\/iniciativa-pede-que-em-troca-pacientes-doem-medicamentos-que-serao-encaminhados-para-refugiados-da-ucrania-no-parana-atendimentos-gratuitos-devem-ser-agendados\/#respond"]}]},{"@type":"WebPage","@id":"https:\/\/brasilsemalergia.com.br\/loja_abbaa\/blog\/geral\/iniciativa-pede-que-em-troca-pacientes-doem-medicamentos-que-serao-encaminhados-para-refugiados-da-ucrania-no-parana-atendimentos-gratuitos-devem-ser-agendados\/","url":"https:\/\/brasilsemalergia.com.br\/loja_abbaa\/blog\/geral\/iniciativa-pede-que-em-troca-pacientes-doem-medicamentos-que-serao-encaminhados-para-refugiados-da-ucrania-no-parana-atendimentos-gratuitos-devem-ser-agendados\/","name":"Iniciativa pede que, em troca, pacientes doem medicamentos, que ser\u00e3o encaminhados para refugiados da Ucr\u00e2nia no Paran\u00e1. Atendimentos gratuitos devem ser agendados. - Loja Abbaa","isPartOf":{"@id":"https:\/\/brasilsemalergia.com.br\/loja_abbaa\/#website"},"primaryImageOfPage":{"@id":"https:\/\/brasilsemalergia.com.br\/loja_abbaa\/blog\/geral\/iniciativa-pede-que-em-troca-pacientes-doem-medicamentos-que-serao-encaminhados-para-refugiados-da-ucrania-no-parana-atendimentos-gratuitos-devem-ser-agendados\/#primaryimage"},"image":{"@id":"https:\/\/brasilsemalergia.com.br\/loja_abbaa\/blog\/geral\/iniciativa-pede-que-em-troca-pacientes-doem-medicamentos-que-serao-encaminhados-para-refugiados-da-ucrania-no-parana-atendimentos-gratuitos-devem-ser-agendados\/#primaryimage"},"thumbnailUrl":"https:\/\/brasilsemalergia.com.br\/loja_abbaa\/wp-content\/uploads\/2022\/09\/mao.jpg","datePublished":"2022-09-20T14:45:39+00:00","dateModified":"2022-09-20T14:45:39+00:00","breadcrumb":{"@id":"https:\/\/brasilsemalergia.com.br\/loja_abbaa\/blog\/geral\/iniciativa-pede-que-em-troca-pacientes-doem-medicamentos-que-serao-encaminhados-para-refugiados-da-ucrania-no-parana-atendimentos-gratuitos-devem-ser-agendados\/#breadcrumb"},"inLanguage":"pt-BR","potentialAction":[{"@type":"ReadAction","target":["https:\/\/brasilsemalergia.com.br\/loja_abbaa\/blog\/geral\/iniciativa-pede-que-em-troca-pacientes-doem-medicamentos-que-serao-encaminhados-para-refugiados-da-ucrania-no-parana-atendimentos-gratuitos-devem-ser-agendados\/"]}]},{"@type":"ImageObject","inLanguage":"pt-BR","@id":"https:\/\/brasilsemalergia.com.br\/loja_abbaa\/blog\/geral\/iniciativa-pede-que-em-troca-pacientes-doem-medicamentos-que-serao-encaminhados-para-refugiados-da-ucrania-no-parana-atendimentos-gratuitos-devem-ser-agendados\/#primaryimage","url":"https:\/\/brasilsemalergia.com.br\/loja_abbaa\/wp-content\/uploads\/2022\/09\/mao.jpg","contentUrl":"https:\/\/brasilsemalergia.com.br\/loja_abbaa\/wp-content\/uploads\/2022\/09\/mao.jpg","width":737,"height":507},{"@type":"BreadcrumbList","@id":"https:\/\/brasilsemalergia.com.br\/loja_abbaa\/blog\/geral\/iniciativa-pede-que-em-troca-pacientes-doem-medicamentos-que-serao-encaminhados-para-refugiados-da-ucrania-no-parana-atendimentos-gratuitos-devem-ser-agendados\/#breadcrumb","itemListElement":[{"@type":"ListItem","position":1,"name":"In\u00edcio","item":"https:\/\/brasilsemalergia.com.br\/loja_abbaa\/"},{"@type":"ListItem","position":2,"name":"Iniciativa pede que, em troca, pacientes doem medicamentos, que ser\u00e3o encaminhados para refugiados da Ucr\u00e2nia no Paran\u00e1. Atendimentos gratuitos devem ser agendados."}]},{"@type":"WebSite","@id":"https:\/\/brasilsemalergia.com.br\/loja_abbaa\/#website","url":"https:\/\/brasilsemalergia.com.br\/loja_abbaa\/","name":"Loja Abbaa","description":"","publisher":{"@id":"https:\/\/brasilsemalergia.com.br\/loja_abbaa\/#organization"},"potentialAction":[{"@type":"SearchAction","target":{"@type":"EntryPoint","urlTemplate":"https:\/\/brasilsemalergia.com.br\/loja_abbaa\/?s={search_term_string}"},"query-input":"required name=search_term_string"}],"inLanguage":"pt-BR"},{"@type":"Organization","@id":"https:\/\/brasilsemalergia.com.br\/loja_abbaa\/#organization","name":"Loja Abbaa","url":"https:\/\/brasilsemalergia.com.br\/loja_abbaa\/","logo":{"@type":"ImageObject","inLanguage":"pt-BR","@id":"https:\/\/brasilsemalergia.com.br\/loja_abbaa\/#\/schema\/logo\/image\/","url":"https:\/\/brasilsemalergia.com.br\/loja_abbaa\/wp-content\/uploads\/2023\/03\/logo-hor-site.png","contentUrl":"https:\/\/brasilsemalergia.com.br\/loja_abbaa\/wp-content\/uploads\/2023\/03\/logo-hor-site.png","width":440,"height":120,"caption":"Loja Abbaa"},"image":{"@id":"https:\/\/brasilsemalergia.com.br\/loja_abbaa\/#\/schema\/logo\/image\/"}},{"@type":"Person","@id":"https:\/\/brasilsemalergia.com.br\/loja_abbaa\/#\/schema\/person\/4567361f02a8ca12f34be3bbc5c1db5e","name":"admin","image":{"@type":"ImageObject","inLanguage":"pt-BR","@id":"https:\/\/brasilsemalergia.com.br\/loja_abbaa\/#\/schema\/person\/image\/","url":"https:\/\/secure.gravatar.com\/avatar\/4f1b72fed8c7fc85a18aaed687ba0edb1024c68e6b05e798533459be324cdf04?s=96&d=mm&r=g","contentUrl":"https:\/\/secure.gravatar.com\/avatar\/4f1b72fed8c7fc85a18aaed687ba0edb1024c68e6b05e798533459be324cdf04?s=96&d=mm&r=g","caption":"admin"},"sameAs":["https:\/\/brasilsemalergia.com.br\/farmaciapopular"]}]}},"rttpg_featured_image_url":{"full":["https:\/\/brasilsemalergia.com.br\/loja_abbaa\/wp-content\/uploads\/2022\/09\/mao.jpg",737,507,false],"landscape":["https:\/\/brasilsemalergia.com.br\/loja_abbaa\/wp-content\/uploads\/2022\/09\/mao.jpg",737,507,false],"portraits":["https:\/\/brasilsemalergia.com.br\/loja_abbaa\/wp-content\/uploads\/2022\/09\/mao.jpg",737,507,false],"thumbnail":["https:\/\/brasilsemalergia.com.br\/loja_abbaa\/wp-content\/uploads\/2022\/09\/mao-150x150.jpg",150,150,true],"medium":["https:\/\/brasilsemalergia.com.br\/loja_abbaa\/wp-content\/uploads\/2022\/09\/mao-300x206.jpg",300,206,true],"large":["https:\/\/brasilsemalergia.com.br\/loja_abbaa\/wp-content\/uploads\/2022\/09\/mao.jpg",737,507,false],"1536x1536":["https:\/\/brasilsemalergia.com.br\/loja_abbaa\/wp-content\/uploads\/2022\/09\/mao.jpg",737,507,false],"2048x2048":["https:\/\/brasilsemalergia.com.br\/loja_abbaa\/wp-content\/uploads\/2022\/09\/mao.jpg",737,507,false],"woodmart_shop_catalog_x2":["https:\/\/brasilsemalergia.com.br\/loja_abbaa\/wp-content\/uploads\/2022\/09\/mao.jpg",600,413,false],"woocommerce_thumbnail":["https:\/\/brasilsemalergia.com.br\/loja_abbaa\/wp-content\/uploads\/2022\/09\/mao-300x300.jpg",300,300,true],"woocommerce_single":["https:\/\/brasilsemalergia.com.br\/loja_abbaa\/wp-content\/uploads\/2022\/09\/mao-600x413.jpg",600,413,true],"woocommerce_gallery_thumbnail":["https:\/\/brasilsemalergia.com.br\/loja_abbaa\/wp-content\/uploads\/2022\/09\/mao-150x103.jpg",150,103,true]},"rttpg_author":{"display_name":"admin","author_link":"https:\/\/brasilsemalergia.com.br\/loja_abbaa\/blog\/author\/admin\/"},"rttpg_comment":0,"rttpg_category":"<a href=\"https:\/\/brasilsemalergia.com.br\/loja_abbaa\/blog\/geral\/\" rel=\"category tag\">Geral<\/a>","rttpg_excerpt":"Um projeto social est\u00e1 ofertando atendimento m\u00e9dico gratuito para alergias, em Curitiba. Conforme a iniciativa Brasil Sem Alergia, s\u00e3o oferecidos","_links":{"self":[{"href":"https:\/\/brasilsemalergia.com.br\/loja_abbaa\/wp-json\/wp\/v2\/posts\/334","targetHints":{"allow":["GET"]}}],"collection":[{"href":"https:\/\/brasilsemalergia.com.br\/loja_abbaa\/wp-json\/wp\/v2\/posts"}],"about":[{"href":"https:\/\/brasilsemalergia.com.br\/loja_abbaa\/wp-json\/wp\/v2\/types\/post"}],"author":[{"embeddable":true,"href":"https:\/\/brasilsemalergia.com.br\/loja_abbaa\/wp-json\/wp\/v2\/users\/1"}],"replies":[{"embeddable":true,"href":"https:\/\/brasilsemalergia.com.br\/loja_abbaa\/wp-json\/wp\/v2\/comments?post=334"}],"version-history":[{"count":0,"href":"https:\/\/brasilsemalergia.com.br\/loja_abbaa\/wp-json\/wp\/v2\/posts\/334\/revisions"}],"wp:featuredmedia":[{"embeddable":true,"href":"https:\/\/brasilsemalergia.com.br\/loja_abbaa\/wp-json\/wp\/v2\/media\/378"}],"wp:attachment":[{"href":"https:\/\/brasilsemalergia.com.br\/loja_abbaa\/wp-json\/wp\/v2\/media?parent=334"}],"wp:term":[{"taxonomy":"category","embeddable":true,"href":"https:\/\/brasilsemalergia.com.br\/loja_abbaa\/wp-json\/wp\/v2\/categories?post=334"},{"taxonomy":"post_tag","embeddable":true,"href":"https:\/\/brasilsemalergia.com.br\/loja_abbaa\/wp-json\/wp\/v2\/tags?post=334"}],"curies":[{"name":"wp","href":"https:\/\/api.w.org\/{rel}","templated":true}]}}